{"id":245,"date":"2023-01-26T20:18:37","date_gmt":"2023-01-26T20:18:37","guid":{"rendered":"https:\/\/paroquiasfxavier.org\/lisboa2023\/?p=245"},"modified":"2023-02-10T21:50:31","modified_gmt":"2023-02-10T21:50:31","slug":"ouve-a-pressa-no-ar-os-papas-e-a-jmj","status":"publish","type":"post","link":"https:\/\/paroquiasfxavier.org\/lisboa2023\/ouve-a-pressa-no-ar-os-papas-e-a-jmj\/","title":{"rendered":"Ouve a pressa no ar \u2013 Os Papas e a JMJ"},"content":{"rendered":"<p><!--more--><\/p>\n<div>\n<p>Na 2\u00aa feira, 23 de Janeiro, foi para o ar a segunda conversa promovida pelo Comit\u00e9 Organizador de S\u00e3o Francisco Xavier sobre a Jornada Mundial da Juventude Lisboa 2023. O tema \u00e9 os Papas e a JMJ.<span id=\"more-11728\"><\/span><\/p>\n<p><img fetchpriority=\"high\" decoding=\"async\" class=\"alignleft\" src=\"https:\/\/paroquiasfxavier.org\/wp-content\/uploads\/2022\/12\/pressa_no_ar-400x400.jpg\" alt=\"\" width=\"400\" height=\"400\" \/>Na conversa participaram duas pessoas que estiveram em Jornadas com o Papa Jo\u00e3o Paulo II e com o Papa Bento XVI e que falaram sobre o que as motivou e qual foi a mensagem que cada Papa quis deixar aos jovens.<\/p>\n<p>Podem ouvir aqui:<br \/>\n<a href=\"https:\/\/radiobelem.jf-belem.pt\/ouve-a-pressa-no-ar-2\/\" target=\"_blank\" rel=\"noopener\">https:\/\/radiobelem.jf-belem.pt\/ouve-a-pressa-no-ar-2\/<\/a><\/p>\n<p>Com o tema \u201cOuve a pressa no ar\u201d, as conversas, sempre no dia 23 de cada m\u00eas \u00e0s 12h00, com repeti\u00e7\u00e3o na 4\u00aa feira seguinte, \u00e0s 20h00, v\u00e3o estar dispon\u00edveis na R\u00e1dio Freguesia de Bel\u00e9m, que as produz, e no site da Par\u00f3quia de S\u00e3o Francisco Xavier.<\/p>\n<p>O\u00a0<a href=\"https:\/\/radiobelem.jf-belem.pt\/wp-content\/uploads\/2022\/12\/Ouve-a-pressa-no-Ar-1.mp3\">primeiro epis\u00f3dio<\/a>\u00a0foi sobre \u201cA prepara\u00e7\u00e3o do Natal\u201d e nele o Pe. Miguel Pereira, vig\u00e1rio da nossa Par\u00f3quia, conversa com Francisca Loureiro, que se juntou h\u00e1 quase dois anos \u00e0 Jornada Mundial da Juventude.<\/p>\n<p>A Jornada Mundial da Juventude (JMJ) \u00e9 um encontro dos jovens de todo o mundo com o Papa.<\/p>\n<p>\u00c9, simultaneamente, uma peregrina\u00e7\u00e3o, uma festa da juventude, uma express\u00e3o da Igreja universal e um momento forte de evangeliza\u00e7\u00e3o do mundo juvenil.<\/p>\n<p>Apresenta-se como um convite a uma gera\u00e7\u00e3o determinada em construir um mundo mais justo e solid\u00e1rio. Com uma identidade claramente cat\u00f3lica, \u00e9 aberta a todos, quer estejam mais pr\u00f3ximos ou mais distantes da Igreja.<\/p>\n<p>\u00abMaria levantou-se e partiu apressadamente\u00bb (Lc 1, 39) \u00e9 a cita\u00e7\u00e3o b\u00edblica escolhida pelo Papa Francisco como lema da Jornada Mundial da Juventude que acontecer\u00e1, pela primeira vez, em Lisboa.<\/p>\n<p>A frase b\u00edblica (uma cita\u00e7\u00e3o do Evangelho de S\u00e3o Lucas) d\u00e1 in\u00edcio ao relato da Visita\u00e7\u00e3o (a visita de Maria a sua prima Isabel), um epis\u00f3dio b\u00edblico que se segue \u00e0 Anuncia\u00e7\u00e3o (o an\u00fancio do anjo a Maria de que iria ser a m\u00e3e do Filho de Deus e que foi o tema da \u00faltima JMJ, na Cidade do Panam\u00e1).<\/p>\n<p>A JMJ Lisboa 2023 decorre de 01 a 06 de Agosto de 2023.<\/p>\n<\/div>\n","protected":false},"excerpt":{"rendered":"","protected":false},"author":1,"featured_media":252,"comment_status":"closed","ping_status":"open","sticky":false,"template":"","format":"standard","meta":{"site-sidebar-layout":"default","site-content-layout":"default","ast-site-content-layout":"","site-content-style":"default","site-sidebar-style":"default","ast-global-header-display":"","ast-banner-title-visibility":"","ast-main-header-display":"","ast-hfb-above-header-display":"","ast-hfb-below-header-display":"","ast-hfb-mobile-header-display":"","site-post-title":"","ast-breadcrumbs-content":"","ast-featured-img":"","footer-sml-layout":"","theme-transparent-header-meta":"default","adv-header-id-meta":"","stick-header-meta":"","header-above-stick-meta":"","header-main-stick-meta":"","header-below-stick-meta":"","astra-migrate-meta-layouts":"default","ast-page-background-enabled":"default","ast-page-background-meta":{"desktop":{"background-color":"var(--ast-global-color-4)","background-image":"","background-repeat":"repeat","background-position":"center center","background-size":"auto","background-attachment":"scroll","background-type":"","background-media":"","overlay-type":"","overlay-color":"","overlay-opacity":"","overlay-gradient":""},"tablet":{"background-color":"","background-image":"","background-repeat":"repeat","background-position":"center center","background-size":"auto","background-attachment":"scroll","background-type":"","background-media":"","overlay-type":"","overlay-color":"","overlay-opacity":"","overlay-gradient":""},"mobile":{"background-color":"","background-image":"","background-repeat":"repeat","background-position":"center center","background-size":"auto","background-attachment":"scroll","background-type":"","background-media":"","overlay-type":"","overlay-color":"","overlay-opacity":"","overlay-gradient":""}},"ast-content-background-meta":{"desktop":{"background-color":"var(--ast-global-color-5)","background-image":"","background-repeat":"repeat","background-position":"center center","background-size":"auto","background-attachment":"scroll","background-type":"","background-media":"","overlay-type":"","overlay-color":"","overlay-opacity":"","overlay-gradient":""},"tablet":{"background-color":"var(--ast-global-color-5)","background-image":"","background-repeat":"repeat","background-position":"center center","background-size":"auto","background-attachment":"scroll","background-type":"","background-media":"","overlay-type":"","overlay-color":"","overlay-opacity":"","overlay-gradient":""},"mobile":{"background-color":"var(--ast-global-color-5)","background-image":"","background-repeat":"repeat","background-position":"center center","background-size":"auto","background-attachment":"scroll","background-type":"","background-media":"","overlay-type":"","overlay-color":"","overlay-opacity":"","overlay-gradient":""}},"footnotes":""},"categories":[5],"tags":[],"class_list":["post-245","post","type-post","status-publish","format-standard","has-post-thumbnail","hentry","category-noticias"],"_links":{"self":[{"href":"https:\/\/paroquiasfxavier.org\/lisboa2023\/wp-json\/wp\/v2\/posts\/245","targetHints":{"allow":["GET"]}}],"collection":[{"href":"https:\/\/paroquiasfxavier.org\/lisboa2023\/wp-json\/wp\/v2\/posts"}],"about":[{"href":"https:\/\/paroquiasfxavier.org\/lisboa2023\/wp-json\/wp\/v2\/types\/post"}],"author":[{"embeddable":true,"href":"https:\/\/paroquiasfxavier.org\/lisboa2023\/wp-json\/wp\/v2\/users\/1"}],"replies":[{"embeddable":true,"href":"https:\/\/paroquiasfxavier.org\/lisboa2023\/wp-json\/wp\/v2\/comments?post=245"}],"version-history":[{"count":1,"href":"https:\/\/paroquiasfxavier.org\/lisboa2023\/wp-json\/wp\/v2\/posts\/245\/revisions"}],"predecessor-version":[{"id":247,"href":"https:\/\/paroquiasfxavier.org\/lisboa2023\/wp-json\/wp\/v2\/posts\/245\/revisions\/247"}],"wp:featuredmedia":[{"embeddable":true,"href":"https:\/\/paroquiasfxavier.org\/lisboa2023\/wp-json\/wp\/v2\/media\/252"}],"wp:attachment":[{"href":"https:\/\/paroquiasfxavier.org\/lisboa2023\/wp-json\/wp\/v2\/media?parent=245"}],"wp:term":[{"taxonomy":"category","embeddable":true,"href":"https:\/\/paroquiasfxavier.org\/lisboa2023\/wp-json\/wp\/v2\/categories?post=245"},{"taxonomy":"post_tag","embeddable":true,"href":"https:\/\/paroquiasfxavier.org\/lisboa2023\/wp-json\/wp\/v2\/tags?post=245"}],"curies":[{"name":"wp","href":"https:\/\/api.w.org\/{rel}","templated":true}]}}